{"id":394,"date":"2010-03-14T18:07:23","date_gmt":"2010-03-14T17:07:23","guid":{"rendered":"http:\/\/www.vincenzozacchiroli.it\/?p=394"},"modified":"2010-03-14T19:26:03","modified_gmt":"2010-03-14T18:26:03","slug":"giovanni-bachelet-piacere","status":"publish","type":"post","link":"https:\/\/www.vincenzozacchiroli.it\/?p=394","title":{"rendered":"Giovanni Bachelet, piacere!"},"content":{"rendered":"<p>Giovanni Bachelet non \u00e8 tra i parlamentari pi\u00f9 visibili, nonostante la sua attivit\u00e0 sia intensissima.<\/p>\n<p><a href=\"http:\/\/www.vincenzozacchiroli.it\/wp-content\/uploads\/2010\/03\/Bachelet-Giovanni.jpg\"><img loading=\"lazy\" decoding=\"async\" class=\"alignright size-full wp-image-395\" title=\"Bachelet Giovanni\" src=\"http:\/\/www.vincenzozacchiroli.it\/wp-content\/uploads\/2010\/03\/Bachelet-Giovanni.jpg\" alt=\"Bachelet Giovanni\" width=\"361\" height=\"500\" \/><\/a><\/p>\n<p>Ho cos\u00ec pensato, prima dell&#8217;incontro sulla scuola a Osteria Grande (BO) nel quadro della campagna elettorale per le regionali (vedere il programma in fondo), di offrirne un ritratto, forzatamente incompleto, attraverso alcuni flash degli ultimi mesi &#8230;<\/p>\n<p><em>1. La partecipazione al ricordo che la RAI ha dedicato a suo padre Vittorio ucciso 30 anni fa dalle brigate rosse. Da non perdere<\/em> (Clicca <a title=\"da &quot;A sua immagine&quot;\" href=\"http:\/\/www.facebook.com\/video\/video.php?v=1333778738491&amp;ref=mf\" target=\"_blank\">qui<\/a>).<\/p>\n<p>Alcuni interventi giornalistici o in Parlamento:<\/p>\n<p><em>2. Logica riforma \u00e8 solo quella dei tagli .<\/em> (Clicca <a href=\"http:\/\/www.giovannibachelet.it\/pag1vekkia\/ansa150210_1.pdf\" target=\"_blank\">qui<\/a>)<\/p>\n<p><em>3. Cos\u00ec si cambia in peggio. Toccher\u00e0 rimetterci mano.<\/em> (Clicca <a href=\"http:\/\/www.giovannibachelet.it\/pag1vekkia\/laDiscussione050210.pdf\" target=\"_blank\">qui<\/a>)<\/p>\n<p>4.<a href=\"http:\/\/www.giovannibachelet.it\/pag1vekkia\/aula270110.pdf\" target=\"_blank\"> <\/a> <em>Professori universitari: et\u00e0 pensionabile a 75 anni? <\/em> (Clicca <a href=\"http:\/\/www.giovannibachelet.it\/pag1vekkia\/aula270110.pdf\" target=\"_blank\">qui<\/a>)<\/p>\n<p>&#8230;\u00a0.e la maggioranza \u00e8 stata battuta.<\/p>\n<p>5. <em>Gelmini non fa riforma, ma soliti tagli. <\/em>(Clicca <a href=\"http:\/\/www.giovannibachelet.it\/pag1vekkia\/licei040210_1.pdf\" target=\"_blank\">qui<\/a>)<\/p>\n<p>6. <em>Su sito Palazzo Chigi refuso o cambiata idea? <\/em>(Clicca <a href=\"http:\/\/www.giovannibachelet.it\/pag1vekkia\/licei040210_2.pdf\" target=\"_blank\">qui<\/a>)<\/p>\n<p>7. <em>La mannaia del governo sulla scuola pubblica. <\/em>(Clicca <a href=\"http:\/\/www.giovannibachelet.it\/pag1vekkia\/PD_CONFSTAMPA_SCUOLA150909.pdf\" target=\"_blank\">qui<\/a>)<\/p>\n<p>8. <em>Intervento in aula contro il legittimo impedimento. <\/em>(Clicca <a href=\"http:\/\/www.giovannibachelet.it\/pag1vekkia\/aula020210.pdf\" target=\"_blank\">qui<\/a>)<\/p>\n<p>Bisogna capire che \u00e8 urgente. Non possiamo permettere che in Italia si produca un arretramento progressivo dell\u2019intero sistema scolastico. Ne sanno qualcosa le famiglie che hanno i figli a scuola.<\/p>\n<p>E allora che cosa c&#8217;\u00e8 di meglio del tempo in cui si fanno le iscrizioni?<\/p>\n<p>Nelle famiglie si pensa con entusiasmo gi\u00e0 all&#8217;anno prossimo, ai piccoli che entreranno nella scuola dell&#8217;infanzia, ai pi\u00f9 grandicelli che<!--more--> partiranno per l&#8217;avventura della scuola primaria, agli adolescenti che affronteranno le prime fatiche della scuola media e a quelli gi\u00e0 pronti per le superiori con mille interrogativi sulla prima grande scelta da compiere. Ma c&#8217;\u00e8 anche chi gi\u00e0 pensa al dopo: all&#8217;Universit\u00e0.<\/p>\n<p>Insomma, tempo di progetti, di aspettative, di speranza, di futuro.<\/p>\n<p>Fra una settimana andremo anche alle urne per eleggere il Presidente della Regione e l&#8217;Assemblea Legislativa dell&#8217;Emilia Romagna. Un&#8217;occasione per scegliere e scegliere bene. Non sar\u00e0 indifferente: da una parte la garanzia dei grandi risultati sin qui raggiunti davanti a tutti nella nostra Regione, dall&#8217;altra un modello che abbiamo gi\u00e0 visto all&#8217;opera a livello nazionale. Il governo che sta deformando e avvilendo proprio la scuola con i tagli di Tremonti e le nostalgie della Gelmini.<\/p>\n<p>Occorre una risposta forte da parte di tutti: studenti, famiglie e operatori. Con l&#8217;impegno quotidiano nell&#8217;occuparsene, con la professionalit\u00e0 e la passione e con un voto il 28 e 29 marzo che dica chiaramente qual \u00e8 la scuola che vogliamo!<\/p>\n<p>A Osteria Grande per incontrare la scuola!<\/p>\n<p>A Osteria Grande per scegliere consapevolmente!<\/p>\n<p style=\"text-align: center;\"><a href=\"http:\/\/www.vincenzozacchiroli.it\/wp-content\/uploads\/2010\/03\/Istantanea-2010-03-14-18-20-16.tiff\"><img loading=\"lazy\" decoding=\"async\" class=\"aligncenter size-full wp-image-400\" title=\"Istantanea 2010-03-14 18-20-16\" src=\"http:\/\/www.vincenzozacchiroli.it\/wp-content\/uploads\/2010\/03\/Istantanea-2010-03-14-18-20-16.tiff\" alt=\"Istantanea 2010-03-14 18-20-16\" width=\"495\" height=\"672\" \/><\/a><\/p>\n","protected":false},"excerpt":{"rendered":"<p>Giovanni Bachelet non \u00e8 tra i parlamentari pi\u00f9 visibili, nonostante la sua attivit\u00e0 sia intensissima. Ho cos\u00ec pensato, prima dell&#8217;incontro sulla scuola a Osteria Grande (BO) nel quadro della campagna elettorale per le regionali (vedere il programma in fondo), di offrirne un ritratto, forzatamente incompleto, attraverso alcuni flash degli ultimi mesi &#8230; 1. La partecipazione [&hellip;]<\/p>\n","protected":false},"author":1,"featured_media":0,"comment_status":"open","ping_status":"open","sticky":false,"template":"","format":"standard","meta":{"footnotes":""},"categories":[14,3,20],"tags":[],"class_list":["post-394","post","type-post","status-publish","format-standard","hentry","category-castel-san-pietro-terme","category-politica","category-scuola"],"_links":{"self":[{"href":"https:\/\/www.vincenzozacchiroli.it\/index.php?rest_route=\/wp\/v2\/posts\/394","targetHints":{"allow":["GET"]}}],"collection":[{"href":"https:\/\/www.vincenzozacchiroli.it\/index.php?rest_route=\/wp\/v2\/posts"}],"about":[{"href":"https:\/\/www.vincenzozacchiroli.it\/index.php?rest_route=\/wp\/v2\/types\/post"}],"author":[{"embeddable":true,"href":"https:\/\/www.vincenzozacchiroli.it\/index.php?rest_route=\/wp\/v2\/users\/1"}],"replies":[{"embeddable":true,"href":"https:\/\/www.vincenzozacchiroli.it\/index.php?rest_route=%2Fwp%2Fv2%2Fcomments&post=394"}],"version-history":[{"count":8,"href":"https:\/\/www.vincenzozacchiroli.it\/index.php?rest_route=\/wp\/v2\/posts\/394\/revisions"}],"predecessor-version":[{"id":404,"href":"https:\/\/www.vincenzozacchiroli.it\/index.php?rest_route=\/wp\/v2\/posts\/394\/revisions\/404"}],"wp:attachment":[{"href":"https:\/\/www.vincenzozacchiroli.it\/index.php?rest_route=%2Fwp%2Fv2%2Fmedia&parent=394"}],"wp:term":[{"taxonomy":"category","embeddable":true,"href":"https:\/\/www.vincenzozacchiroli.it\/index.php?rest_route=%2Fwp%2Fv2%2Fcategories&post=394"},{"taxonomy":"post_tag","embeddable":true,"href":"https:\/\/www.vincenzozacchiroli.it\/index.php?rest_route=%2Fwp%2Fv2%2Ftags&post=394"}],"curies":[{"name":"wp","href":"https:\/\/api.w.org\/{rel}","templated":true}]}}